{"id":987,"date":"2023-04-19T18:52:10","date_gmt":"2023-04-19T16:52:10","guid":{"rendered":"https:\/\/www.amicidellapista.com\/wordpress\/?p=987"},"modified":"2023-04-19T21:39:18","modified_gmt":"2023-04-19T19:39:18","slug":"prova","status":"publish","type":"post","link":"https:\/\/www.amicidellapista.com\/wordpress\/2023\/04\/19\/prova\/","title":{"rendered":"Calendario manifestazioni ciclistiche su pista \u2013 Velodromo \u201cO. Bottecchia\u201d 2023"},"content":{"rendered":"\n<p class=\"wp-block-paragraph\"><em>Gentili Societ\u00e0<\/em><\/p>\n\n\n\n<p class=\"wp-block-paragraph\">Siamo felici di annunciare che anche per la stagione 2023 il Velodromo &#8220;O.Bottecchia&#8221; proporr\u00e0 un&#8217;intensa stagione di attivit\u00e0 su pista per i Vostri ragazzi e le varie categorie.<\/p>\n\n\n\n<p class=\"wp-block-paragraph\">Scarica il calendario manifestazioni ciclistiche su pista &#8211; Velodromo &#8220;O. Bottecchia&#8221; 2023<\/p>\n\n\n<div class='w3eden'><!-- WPDM Link Template: Default Template -->\n\n<div class=\"link-template-default card mb-2\">\n    <div class=\"card-body\">\n        <div class=\"media\">\n            <div class=\"mr-3 img-48\"><img decoding=\"async\" class=\"wpdm_icon\" alt=\"Icona\" src=\"https:\/\/www.amicidellapista.com\/wordpress\/wp-content\/plugins\/download-manager\/assets\/file-type-icons\/pdf.svg\" \/><\/div>\n            <div class=\"media-body\">\n                <h3 class=\"package-title\"><a href='https:\/\/www.amicidellapista.com\/wordpress\/download\/calendario-manifestazioni-2023-velodromo-o-bottecchia-di-pordenone\/'>Calendario manifestazioni 2023 Velodromo \" O. Bottecchia\" di Pordenone<\/a><\/h3>\n                <div class=\"text-muted text-small\"><i class=\"fas fa-copy\"><\/i> 1 file <i class=\"fas fa-hdd ml-3\"><\/i> 411.26 KB<\/div>\n            <\/div>\n            <div class=\"ml-3\">\n                <a class='wpdm-download-link download-on-click btn btn-primary ' rel='nofollow' href='#' data-downloadurl=\"https:\/\/www.amicidellapista.com\/wordpress\/download\/calendario-manifestazioni-2023-velodromo-o-bottecchia-di-pordenone\/?wpdmdl=983&refresh=6a9c8deb2d5cd1788644843\">Download<\/a>\n            <\/div>\n        <\/div>\n    <\/div>\n<\/div>\n\n<\/div>\n\n\n\n<p class=\"wp-block-paragraph\">Scarica il programma attivit\u00e0 2023<\/p>\n\n\n<div class='w3eden'><!-- WPDM Link Template: Default Template -->\n\n<div class=\"link-template-default card mb-2\">\n    <div class=\"card-body\">\n        <div class=\"media\">\n            <div class=\"mr-3 img-48\"><img decoding=\"async\" class=\"wpdm_icon\" alt=\"Icona\" src=\"https:\/\/www.amicidellapista.com\/wordpress\/wp-content\/plugins\/download-manager\/assets\/file-type-icons\/pdf.svg\" \/><\/div>\n            <div class=\"media-body\">\n                <h3 class=\"package-title\"><a href='https:\/\/www.amicidellapista.com\/wordpress\/download\/programma-attivita-2023\/'>Programma attivit\u00e0 2023<\/a><\/h3>\n                <div class=\"text-muted text-small\"><i class=\"fas fa-copy\"><\/i> 1 file <i class=\"fas fa-hdd ml-3\"><\/i> 44.61 KB<\/div>\n            <\/div>\n            <div class=\"ml-3\">\n                <a class='wpdm-download-link download-on-click btn btn-primary ' rel='nofollow' href='#' data-downloadurl=\"https:\/\/www.amicidellapista.com\/wordpress\/download\/programma-attivita-2023\/?wpdmdl=994&refresh=6a9c8deb2fe361788644843\">Download<\/a>\n            <\/div>\n        <\/div>\n    <\/div>\n<\/div>\n\n<\/div>\n","protected":false},"excerpt":{"rendered":"<p>Gentili Societ\u00e0 Siamo felici di annunciare che anche per la stagione 2023 il Velodromo &#8220;O.Bottecchia&#8221; proporr\u00e0 un&#8217;intensa stagione di attivit\u00e0 su pista [&hellip;]<\/p>\n","protected":false},"author":4,"featured_media":0,"comment_status":"closed","ping_status":"","sticky":false,"template":"post-templates\/post_nosidebar.php","format":"standard","meta":{"footnotes":""},"categories":[18,1],"tags":[],"class_list":["post-987","post","type-post","status-publish","format-standard","hentry","category-comunicati","category-senza-categoria"],"_links":{"self":[{"href":"https:\/\/www.amicidellapista.com\/wordpress\/wp-json\/wp\/v2\/posts\/987","targetHints":{"allow":["GET"]}}],"collection":[{"href":"https:\/\/www.amicidellapista.com\/wordpress\/wp-json\/wp\/v2\/posts"}],"about":[{"href":"https:\/\/www.amicidellapista.com\/wordpress\/wp-json\/wp\/v2\/types\/post"}],"author":[{"embeddable":true,"href":"https:\/\/www.amicidellapista.com\/wordpress\/wp-json\/wp\/v2\/users\/4"}],"replies":[{"embeddable":true,"href":"https:\/\/www.amicidellapista.com\/wordpress\/wp-json\/wp\/v2\/comments?post=987"}],"version-history":[{"count":9,"href":"https:\/\/www.amicidellapista.com\/wordpress\/wp-json\/wp\/v2\/posts\/987\/revisions"}],"predecessor-version":[{"id":1017,"href":"https:\/\/www.amicidellapista.com\/wordpress\/wp-json\/wp\/v2\/posts\/987\/revisions\/1017"}],"wp:attachment":[{"href":"https:\/\/www.amicidellapista.com\/wordpress\/wp-json\/wp\/v2\/media?parent=987"}],"wp:term":[{"taxonomy":"category","embeddable":true,"href":"https:\/\/www.amicidellapista.com\/wordpress\/wp-json\/wp\/v2\/categories?post=987"},{"taxonomy":"post_tag","embeddable":true,"href":"https:\/\/www.amicidellapista.com\/wordpress\/wp-json\/wp\/v2\/tags?post=987"}],"curies":[{"name":"wp","href":"https:\/\/api.w.org\/{rel}","templated":true}]}}